{"id":122250,"date":"2025-03-13T11:34:43","date_gmt":"2025-03-13T09:34:43","guid":{"rendered":"https:\/\/www.michaud-export.com\/group?p=122250"},"modified":"2025-03-13T11:38:37","modified_gmt":"2025-03-13T09:38:37","slug":"electrification-rurale-durable","status":"publish","type":"post","link":"https:\/\/www.michaud-export.com\/group\/electrification-rurale-durable","title":{"rendered":"L\u2019\u00e9lectrification rurale durable : un moteur pour les zones isol\u00e9es"},"content":{"rendered":"<p><div class=\"fusion-fullwidth fullwidth-box fusion-builder-row-1 fusion-flex-container has-pattern-background has-mask-background nonhundred-percent-fullwidth non-hundred-percent-height-scrolling\" style=\"--awb-border-radius-top-left:0px;--awb-border-radius-top-right:0px;--awb-border-radius-bottom-right:0px;--awb-border-radius-bottom-left:0px;--awb-flex-wrap:wrap;\" ><div class=\"fusion-builder-row fusion-row fusion-flex-align-items-flex-start fusion-flex-content-wrap\" style=\"max-width:93.6;margin-left: calc(-4% \/ 2 );margin-right: calc(-4% \/ 2 );\"><div class=\"fusion-layout-column fusion_builder_column fusion-builder-column-0 fusion_builder_column_1_1 1_1 fusion-flex-column\" style=\"--awb-bg-size:cover;--awb-width-large:100%;--awb-margin-top-large:20px;--awb-spacing-right-large:1.92%;--awb-margin-bottom-large:20px;--awb-spacing-left-large:1.92%;--awb-width-medium:100%;--awb-order-medium:0;--awb-spacing-right-medium:1.92%;--awb-spacing-left-medium:1.92%;--awb-width-small:100%;--awb-order-small:0;--awb-spacing-right-small:1.92%;--awb-spacing-left-small:1.92%;\"><div class=\"fusion-column-wrapper fusion-column-has-shadow fusion-flex-justify-content-flex-start fusion-content-layout-column\"><\/div><\/div><\/div><\/div><div class=\"fusion-fullwidth fullwidth-box fusion-builder-row-2 fusion-flex-container has-pattern-background has-mask-background nonhundred-percent-fullwidth non-hundred-percent-height-scrolling\" style=\"--awb-border-radius-top-left:0px;--awb-border-radius-top-right:0px;--awb-border-radius-bottom-right:0px;--awb-border-radius-bottom-left:0px;--awb-flex-wrap:wrap;\" ><div class=\"fusion-builder-row fusion-row fusion-flex-align-items-flex-start fusion-flex-content-wrap\" style=\"max-width:93.6;margin-left: calc(-4% \/ 2 );margin-right: calc(-4% \/ 2 );\"><div class=\"fusion-layout-column fusion_builder_column fusion-builder-column-1 fusion_builder_column_1_1 1_1 fusion-flex-column\" style=\"--awb-bg-size:cover;--awb-width-large:100%;--awb-margin-top-large:20px;--awb-spacing-right-large:1.92%;--awb-margin-bottom-large:20px;--awb-spacing-left-large:1.92%;--awb-width-medium:100%;--awb-order-medium:0;--awb-spacing-right-medium:1.92%;--awb-spacing-left-medium:1.92%;--awb-width-small:100%;--awb-order-small:0;--awb-spacing-right-small:1.92%;--awb-spacing-left-small:1.92%;\"><div class=\"fusion-column-wrapper fusion-column-has-shadow fusion-flex-justify-content-flex-start fusion-content-layout-column\"><div class=\"fusion-text fusion-text-1\" style=\"--awb-margin-right:50px;--awb-margin-left:50px;\"><p><a title=\"L\u2019\u00e9lectrification rurale : un levier essentiel pour la croissance\" href=\"https:\/\/www.michaud-export.com\/group\/electrification-rurale\"><strong><span style=\"color: #ff6600;\">L\u2019\u00e9lectrification rurale<\/span><\/strong><\/a> durable repr\u00e9sente un enjeu majeur pour le d\u00e9veloppement \u00e9conomique et social des zones rurales \u00e0 travers le monde. Toutefois, ce processus comporte des d\u00e9fis consid\u00e9rables, notamment en mati\u00e8re de co\u00fbts d\u2019infrastructures, d\u2019adaptation technologique et de mobilisation des communaut\u00e9s locales.<\/p>\n<\/div><div class=\"fusion-title title fusion-title-1 fusion-sep-none fusion-title-text fusion-title-size-two\" style=\"--awb-margin-right:50px;--awb-margin-left:50px;--awb-margin-top-small:0px;--awb-margin-right-small:0px;--awb-margin-bottom-small:20px;--awb-margin-left-small:0px;\"><h2 class=\"fusion-title-heading title-heading-left fusion-responsive-typography-calculated\" style=\"margin:0;--fontSize:42;line-height:1.28;\"><h2><span style=\"color: #ff6600;\">Les d\u00e9fis de l\u2019\u00e9lectrification rurale durable<\/span><\/h2><\/h2><\/div><div class=\"fusion-text fusion-text-2\" style=\"--awb-margin-right:50px;--awb-margin-left:50px;\"><p>L\u2019implantation de r\u00e9seaux \u00e9lectriques dans des r\u00e9gions recul\u00e9es exige des investissements importants pour leur construction et leur maintenance. Ces co\u00fbts peuvent \u00eatre un frein au succ\u00e8s de nombreux projets d\u2019\u00e9lectrification rurale durable, n\u00e9cessitant souvent l\u2019intervention de partenaires financiers ou gouvernementaux pour assurer leur viabilit\u00e9.<\/p>\n<\/div><div class=\"fusion-title title fusion-title-2 fusion-sep-none fusion-title-text fusion-title-size-three\" style=\"--awb-margin-right:50px;--awb-margin-left:50px;--awb-margin-top-small:0px;--awb-margin-right-small:0px;--awb-margin-bottom-small:20px;--awb-margin-left-small:0px;\"><h3 class=\"fusion-title-heading title-heading-left fusion-responsive-typography-calculated\" style=\"margin:0;--fontSize:36;line-height:1.5;\"><h3><span style=\"color: #808080;\"><strong>Des solutions adapt\u00e9es aux sp\u00e9cificit\u00e9s locales<\/strong><\/span><\/h3><\/h3><\/div><div class=\"fusion-text fusion-text-3\" style=\"--awb-margin-right:50px;--awb-margin-left:50px;\"><p>Il est essentiel d&rsquo;adapter les solutions \u00e9nerg\u00e9tiques aux r\u00e9alit\u00e9s locales pour garantir la durabilit\u00e9 des projets. Les technologies renouvelables, telles que l\u2019\u00e9nergie solaire ou \u00e9olienne, offrent des solutions efficaces pour l\u2019\u00e9lectrification rurale durable. Cependant, leur mise en \u0153uvre r\u00e9ussie d\u00e9pend d\u2019une compr\u00e9hension approfondie des sp\u00e9cificit\u00e9s locales. Par ailleurs, la formation des populations locales est indispensable pour assurer une gestion optimale de ces installations \u00e9nerg\u00e9tiques.<\/p>\n<\/div><div class=\"fusion-image-element \" style=\"text-align:center;--awb-margin-top:50px;--awb-margin-bottom:50px;--awb-max-width:800px;--awb-caption-title-font-family:var(--h2_typography-font-family);--awb-caption-title-font-weight:var(--h2_typography-font-weight);--awb-caption-title-font-style:var(--h2_typography-font-style);--awb-caption-title-size:var(--h2_typography-font-size);--awb-caption-title-transform:var(--h2_typography-text-transform);--awb-caption-title-line-height:var(--h2_typography-line-height);--awb-caption-title-letter-spacing:var(--h2_typography-letter-spacing);\"><span class=\" fusion-imageframe imageframe-none imageframe-1 hover-type-none\"><img decoding=\"async\" width=\"2560\" height=\"1703\" alt=\"Le technicien v\u00e9rifie l&#039;entretien des panneaux solaires.\" title=\"African american technician check the maintenance of the solar panels. Black man engineer at solar station.\" src=\"https:\/\/www.michaud-export.com\/group\/wp-content\/uploads\/2025\/01\/AdobeStock_622428574-scaled.jpeg\" data-orig-src=\"https:\/\/www.michaud-export.com\/group\/wp-content\/uploads\/2025\/01\/AdobeStock_622428574-scaled.jpeg\" class=\"lazyload img-responsive wp-image-122263\" srcset=\"data:image\/svg+xml,%3Csvg%20xmlns%3D%27http%3A%2F%2Fwww.w3.org%2F2000%2Fsvg%27%20width%3D%272560%27%20height%3D%271703%27%20viewBox%3D%270%200%202560%201703%27%3E%3Crect%20width%3D%272560%27%20height%3D%271703%27%20fill-opacity%3D%220%22%2F%3E%3C%2Fsvg%3E\" data-srcset=\"https:\/\/www.michaud-export.com\/group\/wp-content\/uploads\/2025\/01\/AdobeStock_622428574-200x133.jpeg 200w, https:\/\/www.michaud-export.com\/group\/wp-content\/uploads\/2025\/01\/AdobeStock_622428574-400x266.jpeg 400w, https:\/\/www.michaud-export.com\/group\/wp-content\/uploads\/2025\/01\/AdobeStock_622428574-600x399.jpeg 600w, https:\/\/www.michaud-export.com\/group\/wp-content\/uploads\/2025\/01\/AdobeStock_622428574-800x532.jpeg 800w, https:\/\/www.michaud-export.com\/group\/wp-content\/uploads\/2025\/01\/AdobeStock_622428574-1200x798.jpeg 1200w, https:\/\/www.michaud-export.com\/group\/wp-content\/uploads\/2025\/01\/AdobeStock_622428574-scaled.jpeg 2560w\" data-sizes=\"auto\" data-orig-sizes=\"(max-width: 1024px) 100vw, (max-width: 640px) 100vw, 2560px\" \/><\/span><\/div><div class=\"fusion-title title fusion-title-3 fusion-sep-none fusion-title-text fusion-title-size-three\" style=\"--awb-margin-right:50px;--awb-margin-left:50px;--awb-margin-top-small:0px;--awb-margin-right-small:0px;--awb-margin-bottom-small:20px;--awb-margin-left-small:0px;\"><h3 class=\"fusion-title-heading title-heading-left fusion-responsive-typography-calculated\" style=\"margin:0;--fontSize:36;line-height:1.5;\"><h3><span style=\"color: #808080;\"><strong>L\u2019engagement communautaire : un facteur cl\u00e9 pour la p\u00e9rennit\u00e9<\/strong><\/span><\/h3><\/h3><\/div><div class=\"fusion-text fusion-text-4\" style=\"--awb-margin-right:50px;--awb-margin-left:50px;\"><p>L\u2019implication des communaut\u00e9s locales dans le processus d\u2019\u00e9lectrification rurale durable est essentielle pour la r\u00e9ussite des projets. En favorisant la participation des habitants, on s\u2019assure non seulement de l\u2019adh\u00e9sion aux initiatives, mais aussi de la p\u00e9rennit\u00e9 des installations. Cette approche renforce le sentiment d\u2019appropriation des ressources et contribue \u00e0 la durabilit\u00e9 des solutions mises en place.<\/p>\n<\/div><div class=\"fusion-title title fusion-title-4 fusion-sep-none fusion-title-text fusion-title-size-two\" style=\"--awb-margin-right:50px;--awb-margin-left:50px;--awb-margin-top-small:0px;--awb-margin-right-small:0px;--awb-margin-bottom-small:20px;--awb-margin-left-small:0px;\"><h2 class=\"fusion-title-heading title-heading-left fusion-responsive-typography-calculated\" style=\"margin:0;--fontSize:42;line-height:1.28;\"><h2><span style=\"color: #ff6600;\">MICHAUD : votre partenaire pour l&rsquo;\u00e9lectrification rurale durable<\/span><\/h2><\/h2><\/div><div class=\"fusion-text fusion-text-5\" style=\"--awb-margin-right:50px;--awb-margin-left:50px;\"><p>MICHAUD accompagne les promoteurs de projets d\u2019\u00e9lectrification rurale durable en facilitant le montage financier et technique des offres. Nous r\u00e9alisons des \u00e9tudes techniques (\u00e9lectriques et m\u00e9caniques), \u00e9laborons les plans et fournissons le mat\u00e9riel n\u00e9cessaire \u00e0 la construction des r\u00e9seaux de distribution. Nos solutions adapt\u00e9es \u00e0 chaque contexte local assurent un approvisionnement d\u00e9centralis\u00e9 et durable en \u00e9lectricit\u00e9 pour les populations les plus isol\u00e9es.<\/p>\n<p>Nos \u00e9quipes se d\u00e9placent r\u00e9guli\u00e8rement sur le terrain pour former les partenaires locaux \u00e0 la bonne mise en \u0153uvre de nos produits, garantissant ainsi la r\u00e9ussite et la durabilit\u00e9 de chaque projet.<\/p>\n<\/div><div class=\"fusion-title title fusion-title-5 fusion-sep-none fusion-title-text fusion-title-size-three\" style=\"--awb-margin-right:50px;--awb-margin-left:50px;--awb-margin-top-small:0px;--awb-margin-right-small:0px;--awb-margin-bottom-small:20px;--awb-margin-left-small:0px;\"><h3 class=\"fusion-title-heading title-heading-left fusion-responsive-typography-calculated\" style=\"margin:0;--fontSize:36;line-height:1.5;\"><h3><span style=\"color: #808080;\"><strong>Service d\u2019ing\u00e9nierie pour l\u2019\u00e9lectrification rurale durable<\/strong><\/span><\/h3><\/h3><\/div><div class=\"fusion-text fusion-text-6\" style=\"--awb-margin-right:50px;--awb-margin-left:50px;\"><p>Notre d\u00e9partement d\u00e9di\u00e9 \u00e0 l\u2019ing\u00e9nierie est \u00e0 votre disposition pour dimensionner vos r\u00e9seaux \u00e9lectriques en fonction de vos besoins et contraintes sp\u00e9cifiques :<\/p>\n<ul>\n<li>\u00c9tude de pr\u00e9dimensionnement<\/li>\n<li>Dimensionnement \u00e9lectrique<\/li>\n<li>Dimensionnement m\u00e9canique<\/li>\n<\/ul>\n<p>Avec notre expertise, nous contribuons \u00e0 rendre l\u2019\u00e9lectrification rurale durable accessible aux communaut\u00e9s les plus \u00e9loign\u00e9es, tout en assurant la p\u00e9rennit\u00e9 des infrastructures et la participation active des habitants.<\/p>\n<\/div><\/div><\/div><\/div><\/div><div class=\"fusion-fullwidth fullwidth-box fusion-builder-row-3 fusion-flex-container has-pattern-background has-mask-background nonhundred-percent-fullwidth non-hundred-percent-height-scrolling\" style=\"--awb-border-radius-top-left:0px;--awb-border-radius-top-right:0px;--awb-border-radius-bottom-right:0px;--awb-border-radius-bottom-left:0px;--awb-flex-wrap:wrap;\" ><div class=\"fusion-builder-row fusion-row fusion-flex-align-items-flex-start fusion-flex-content-wrap\" style=\"max-width:93.6;margin-left: calc(-4% \/ 2 );margin-right: calc(-4% \/ 2 );\"><div class=\"fusion-layout-column fusion_builder_column fusion-builder-column-2 fusion_builder_column_1_1 1_1 fusion-flex-column\" style=\"--awb-bg-size:cover;--awb-width-large:100%;--awb-margin-top-large:20px;--awb-spacing-right-large:1.92%;--awb-margin-bottom-large:20px;--awb-spacing-left-large:1.92%;--awb-width-medium:100%;--awb-order-medium:0;--awb-spacing-right-medium:1.92%;--awb-spacing-left-medium:1.92%;--awb-width-small:100%;--awb-order-small:0;--awb-spacing-right-small:1.92%;--awb-spacing-left-small:1.92%;\"><div class=\"fusion-column-wrapper fusion-column-has-shadow fusion-flex-justify-content-flex-start fusion-content-layout-column\"><div class=\"fusion-text fusion-text-7\" style=\"--awb-margin-right:50px;--awb-margin-left:50px;\"><p>L&rsquo;\u00e9lectri\ufb01cation rurale repr\u00e9sente un enjeu majeur pour le d\u00e9veloppement durable. En relevant les d\u00e9\ufb01s techniques et \ufb01nanciers tout en privil\u00e9giant des solutions innovantes, notamment dans le domaine des \u00e9nergies renouvelables, il devient possible d&rsquo;am\u00e9liorer consid\u00e9rablement la qualit\u00e9 de vie des populations rurales. Cette transition \u00e9nerg\u00e9tique contribue \u00e9galement \u00e0 la lutte contre le changement climatique. L&rsquo;acc\u00e8s \u00e0 l&rsquo;\u00e9lectricit\u00e9 doit d\u00e9sormais \u00eatre consid\u00e9r\u00e9 comme un droit fondamental. Il est donc essentiel de poursuivre les efforts pour garantir que chaque communaut\u00e9 puisse en b\u00e9n\u00e9\ufb01cier, ouvrant ainsi la voie \u00e0 un avenir plus \u00e9quitable et durable pour tous.<\/p>\n<\/div><\/div><\/div><\/div><\/div><div class=\"fusion-fullwidth fullwidth-box fusion-builder-row-4 fusion-flex-container has-pattern-background has-mask-background nonhundred-percent-fullwidth non-hundred-percent-height-scrolling\" style=\"--awb-border-radius-top-left:0px;--awb-border-radius-top-right:0px;--awb-border-radius-bottom-right:0px;--awb-border-radius-bottom-left:0px;--awb-padding-right:50px;--awb-padding-left:50px;--awb-background-color:#444749;--awb-flex-wrap:wrap;\" ><div class=\"fusion-builder-row fusion-row fusion-flex-align-items-center fusion-flex-justify-content-center fusion-flex-content-wrap\" style=\"max-width:93.6;margin-left: calc(-4% \/ 2 );margin-right: calc(-4% \/ 2 );\"><div class=\"fusion-layout-column fusion_builder_column fusion-builder-column-3 fusion_builder_column_1_1 1_1 fusion-flex-column\" style=\"--awb-bg-size:cover;--awb-width-large:100%;--awb-margin-top-large:20px;--awb-spacing-right-large:1.92%;--awb-margin-bottom-large:20px;--awb-spacing-left-large:1.92%;--awb-width-medium:100%;--awb-order-medium:0;--awb-spacing-right-medium:1.92%;--awb-spacing-left-medium:1.92%;--awb-width-small:100%;--awb-order-small:0;--awb-spacing-right-small:1.92%;--awb-spacing-left-small:1.92%;\"><div class=\"fusion-column-wrapper fusion-column-has-shadow fusion-flex-justify-content-flex-start fusion-content-layout-column\"><div class=\"fusion-title title fusion-title-6 fusion-sep-none fusion-title-center fusion-title-text fusion-title-size-four\" style=\"--awb-margin-top-small:0px;--awb-margin-right-small:0px;--awb-margin-bottom-small:20px;--awb-margin-left-small:0px;\"><h4 class=\"fusion-title-heading title-heading-center fusion-responsive-typography-calculated\" style=\"margin:0;--fontSize:26;--minFontSize:26;line-height:1.5;\"><h4 style=\"text-align: center;\"><span style=\"color: #ffffff;\">Contact<\/span><\/h4><\/h4><\/div>\n<div class=\"wpcf7 no-js\" id=\"wpcf7-f4334-o1\" lang=\"fr-FR\" dir=\"ltr\" data-wpcf7-id=\"4334\">\n<div class=\"screen-reader-response\"><p role=\"status\" aria-live=\"polite\" aria-atomic=\"true\"><\/p> <ul><\/ul><\/div>\n<form action=\"\/group\/wp-json\/wp\/v2\/posts\/122250#wpcf7-f4334-o1\" method=\"post\" class=\"wpcf7-form init\" aria-label=\"Formulaire de contact\" novalidate=\"novalidate\" data-status=\"init\">\n<fieldset class=\"hidden-fields-container\"><input type=\"hidden\" name=\"_wpcf7\" value=\"4334\" \/><input type=\"hidden\" name=\"_wpcf7_version\" value=\"6.1.5\" \/><input type=\"hidden\" name=\"_wpcf7_locale\" value=\"fr_FR\" \/><input type=\"hidden\" name=\"_wpcf7_unit_tag\" value=\"wpcf7-f4334-o1\" \/><input type=\"hidden\" name=\"_wpcf7_container_post\" value=\"0\" \/><input type=\"hidden\" name=\"_wpcf7_posted_data_hash\" value=\"\" \/><input type=\"hidden\" name=\"_wpcf7_recaptcha_response\" value=\"\" \/>\n<\/fieldset>\n<div class=\"fusion-columns fusion-clearfix\" style=\"margin-bottom: 20px;\">\n\t<div class=\"col-lg-6 col-md-6 col-sm-12\">\n\t\t<p>Soci\u00e9t\u00e9 *\n\t\t<\/p>\n\t\t<p><span class=\"wpcf7-form-control-wrap\" data-name=\"first-name\"><input size=\"40\" maxlength=\"400\" class=\"wpcf7-form-control wpcf7-text wpcf7-validates-as-required\" aria-required=\"true\" aria-invalid=\"false\" value=\"\" type=\"text\" name=\"first-name\" \/><\/span>\n\t\t<\/p>\n\t<\/div>\n\t<div class=\"col-lg-6 col-md-6 col-sm-12\">\n\t\t<p>Nom Pr\u00e9nom *\n\t\t<\/p>\n\t\t<p><span class=\"wpcf7-form-control-wrap\" data-name=\"last-name\"><input size=\"40\" maxlength=\"400\" class=\"wpcf7-form-control wpcf7-text wpcf7-validates-as-required\" aria-required=\"true\" aria-invalid=\"false\" value=\"\" type=\"text\" name=\"last-name\" \/><\/span>\n\t\t<\/p>\n\t<\/div>\n<\/div>\n<div class=\"fusion-columns fusion-clearfix\" style=\"margin-bottom: 20px;\">\n\t<div class=\"col-lg-6 col-md-6 col-sm-12\">\n\t\t<p>Email *\n\t\t<\/p>\n\t\t<p><span class=\"wpcf7-form-control-wrap\" data-name=\"your-email\"><input size=\"40\" maxlength=\"400\" class=\"wpcf7-form-control wpcf7-email wpcf7-validates-as-required wpcf7-text wpcf7-validates-as-email\" aria-required=\"true\" aria-invalid=\"false\" value=\"\" type=\"email\" name=\"your-email\" \/><\/span>\n\t\t<\/p>\n\t<\/div>\n\t<div class=\"col-lg-6 col-md-6 col-sm-12\">\n\t\t<p>T\u00e9l\u00e9phone*\n\t\t<\/p>\n\t\t<p><span class=\"wpcf7-form-control-wrap\" data-name=\"phone-number\"><input size=\"40\" maxlength=\"400\" class=\"wpcf7-form-control wpcf7-text wpcf7-validates-as-required\" aria-required=\"true\" aria-invalid=\"false\" value=\"\" type=\"text\" name=\"phone-number\" \/><\/span>\n\t\t<\/p>\n\t<\/div>\n<\/div>\n<div class=\"fusion-columns fusion-clearfix\" style=\"margin-bottom: 20px;\">\n\t<div class=\"col-lg-6 col-md-6 col-sm-12\">\n\t\t<p>Adresse *\n\t\t<\/p>\n\t\t<p><span class=\"wpcf7-form-control-wrap\" data-name=\"adresse\"><input size=\"40\" maxlength=\"400\" class=\"wpcf7-form-control wpcf7-text wpcf7-validates-as-required\" aria-required=\"true\" aria-invalid=\"false\" value=\"\" type=\"text\" name=\"adresse\" \/><\/span>\n\t\t<\/p>\n\t<\/div>\n\t<div class=\"col-lg-6 col-md-6 col-sm-12\">\n\t\t<p>Pays *\n\t\t<\/p>\n\t\t<p><span class=\"wpcf7-form-control-wrap\" data-name=\"pays\"><input size=\"40\" maxlength=\"400\" class=\"wpcf7-form-control wpcf7-text wpcf7-validates-as-required\" aria-required=\"true\" aria-invalid=\"false\" value=\"\" type=\"text\" name=\"pays\" \/><\/span>\n\t\t<\/p>\n\t<\/div>\n<\/div>\n<p style=\"margin-bottom: 30px;\">Message *\n<\/p>\n<p><span class=\"wpcf7-form-control-wrap\" data-name=\"your-message\"><textarea cols=\"40\" rows=\"10\" maxlength=\"2000\" class=\"wpcf7-form-control wpcf7-textarea wpcf7-validates-as-required\" aria-required=\"true\" aria-invalid=\"false\" name=\"your-message\"><\/textarea><\/span>\n<\/p>\n<p><span class=\"wpcf7-form-control-wrap\" data-name=\"checkbox-961\"><span class=\"wpcf7-form-control wpcf7-checkbox wpcf7-validates-as-required wpcf7-exclusive-checkbox\"><span class=\"wpcf7-list-item first last\"><input type=\"checkbox\" name=\"checkbox-961\" value=\"Par l\u2019envoi de ce formulaire de contact, vous acceptez nos mentions l\u00e9gales sur la collecte, l\u2019utilisation et le traitement de vos donn\u00e9es personnelles dans le cadre de nos activit\u00e9s.\" \/><span class=\"wpcf7-list-item-label\">Par l\u2019envoi de ce formulaire de contact, vous acceptez nos mentions l\u00e9gales sur la collecte, l\u2019utilisation et le traitement de vos donn\u00e9es personnelles dans le cadre de nos activit\u00e9s.<\/span><\/span><\/span><\/span>\n<\/p>\n\n<p>Vous avez la possibilit\u00e9 de vous inscrire sur la liste d\u2019opposition au d\u00e9marchage BLOCTEL.\n<\/p>\n<p>Article L 223-2 du code de la consommation \" Lorsqu\u2019un professionnel est amen\u00e9 \u00e0 recueillir aupr\u00e8s d\u2019un consommateur des donn\u00e9es t\u00e9l\u00e9phoniques, il l\u2019informe de son droit \u00e0 s\u2019inscrire sur la liste d\u2019opposition au d\u00e9marchage t\u00e9l\u00e9phonique. Lorsque ce recueil se fait \u00e0 l\u2019occasion de la conclusion d\u2019un contrat, le contrat mentionne de mani\u00e8re claire et compr\u00e9hensible l\u2019existence de ce droit pour le consommateur. \"\n<\/p>\n<p><input class=\"wpcf7-form-control wpcf7-submit has-spinner\" type=\"submit\" value=\"Envoyer\" \/>\n<\/p><div class=\"fusion-alert alert custom alert-custom fusion-alert-center wpcf7-response-output fusion-alert-capitalize awb-alert-native-link-color alert-dismissable awb-alert-close-boxed\" style=\"--awb-border-size:1px;--awb-border-top-left-radius:0px;--awb-border-top-right-radius:0px;--awb-border-bottom-left-radius:0px;--awb-border-bottom-right-radius:0px;\" role=\"alert\"><div class=\"fusion-alert-content-wrapper\"><span class=\"fusion-alert-content\"><\/span><\/div><button type=\"button\" class=\"close toggle-alert\" data-dismiss=\"alert\" aria-label=\"Close\">&times;<\/button><\/div>\n<\/form>\n<\/div>\n<\/div><\/div><\/div><\/div><\/p>\n","protected":false},"excerpt":{"rendered":"","protected":false},"author":7,"featured_media":122252,"comment_status":"closed","ping_status":"open","sticky":false,"template":"","format":"standard","meta":{"footnotes":""},"categories":[3939,31],"tags":[],"class_list":["post-122250","post","type-post","status-publish","format-standard","has-post-thumbnail","hentry","category-acces-a-lenergie","category-accueil"],"aioseo_notices":[],"_links":{"self":[{"href":"https:\/\/www.michaud-export.com\/group\/wp-json\/wp\/v2\/posts\/122250","targetHints":{"allow":["GET"]}}],"collection":[{"href":"https:\/\/www.michaud-export.com\/group\/wp-json\/wp\/v2\/posts"}],"about":[{"href":"https:\/\/www.michaud-export.com\/group\/wp-json\/wp\/v2\/types\/post"}],"author":[{"embeddable":true,"href":"https:\/\/www.michaud-export.com\/group\/wp-json\/wp\/v2\/users\/7"}],"replies":[{"embeddable":true,"href":"https:\/\/www.michaud-export.com\/group\/wp-json\/wp\/v2\/comments?post=122250"}],"version-history":[{"count":7,"href":"https:\/\/www.michaud-export.com\/group\/wp-json\/wp\/v2\/posts\/122250\/revisions"}],"predecessor-version":[{"id":122339,"href":"https:\/\/www.michaud-export.com\/group\/wp-json\/wp\/v2\/posts\/122250\/revisions\/122339"}],"wp:featuredmedia":[{"embeddable":true,"href":"https:\/\/www.michaud-export.com\/group\/wp-json\/wp\/v2\/media\/122252"}],"wp:attachment":[{"href":"https:\/\/www.michaud-export.com\/group\/wp-json\/wp\/v2\/media?parent=122250"}],"wp:term":[{"taxonomy":"category","embeddable":true,"href":"https:\/\/www.michaud-export.com\/group\/wp-json\/wp\/v2\/categories?post=122250"},{"taxonomy":"post_tag","embeddable":true,"href":"https:\/\/www.michaud-export.com\/group\/wp-json\/wp\/v2\/tags?post=122250"}],"curies":[{"name":"wp","href":"https:\/\/api.w.org\/{rel}","templated":true}]}}